{"id":34,"count":35,"description":"Depuis pr\u00e8s de 20 ans, la Ferme de la Bergerie cultive en bio sous mention 'Nature et Progr\u00e8s', 370 ha de terres agricoles \u00e0 Villarceaux, pr\u00e8s de Chaussy (95).\r\nNotre ambition, produire une alimentation saine et \u00e9quilibr\u00e9e par une agriculture respectueuse de son environnement et des Hommes.\r\nC'est pourquoi nous travaillons le plus possible en autonomie, privil\u00e9giant les ressources locales, pour les habitants de nos territoires.","link":"https:\/\/marche.seve-asso.fr\/boutique\/categorie-produit\/boulangerie\/fournil-de-la-bergerie\/","name":"Fournil de la bergerie","slug":"fournil-de-la-bergerie","taxonomy":"product_cat","parent":29,"meta":[],"menu_order":0,"_links":{"self":[{"href":"https:\/\/marche.seve-asso.fr\/boutique\/wp-json\/wp\/v2\/product_cat\/34","targetHints":{"allow":["GET"]}}],"collection":[{"href":"https:\/\/marche.seve-asso.fr\/boutique\/wp-json\/wp\/v2\/product_cat"}],"about":[{"href":"https:\/\/marche.seve-asso.fr\/boutique\/wp-json\/wp\/v2\/taxonomies\/product_cat"}],"up":[{"embeddable":true,"href":"https:\/\/marche.seve-asso.fr\/boutique\/wp-json\/wp\/v2\/product_cat\/29"}],"wp:post_type":[{"href":"https:\/\/marche.seve-asso.fr\/boutique\/wp-json\/wp\/v2\/product?product_cat=34"}],"curies":[{"name":"wp","href":"https:\/\/api.w.org\/{rel}","templated":true}]}}