{"id":33,"count":3,"description":"Exploitation de polycultures sur une petite structure a l'origine, j'ai mis en place depuis f\u00e9vrier 2020 un \u00e9levage de volailles (poules pondeuse, poulets de chair et pintades) avec l'aide de mon fils encore en \u00e9tude \u00e0 cette \u00e9poque. Cela pour faciliter son installation sur l'exploitation familiale dans les mois \u00e0 venir.\r\nAujourd'hui c'est moi Erwan qui vous parle et qui ait pris les commande de l'\u00e9levage avec l'aide et les conseils de mon p\u00e8re.\r\nNos volailles sont nourries principalement avec des c\u00e9r\u00e9ales produites sur l'exploitation en agriculture tr\u00e8s raisonn\u00e9e (Bl\u00e9 &amp; Ma\u00efs) et transform\u00e9es sur la ferme gr\u00e2ce a un concasseur de c\u00e9r\u00e9ales. Les animaux disposent de grands parcours pour se d\u00e9velopper ainsi que des arbres fruitiers et de petits abris pour rester le plus possible en ext\u00e9rieur. Les animaux sont log\u00e9s dans des petites cabanes d\u00e9pla\u00e7ables ce qui nous permet de toujours leur donner un acc\u00e8s direct \u00e0 un parcours sain et herbag\u00e9. De plus, ils disposent d'un belle liti\u00e8re de paille issus de notre r\u00e9colte.\r\nTout ces \u00e9l\u00e9ments sont gages de qualit\u00e9s pour la viande et les \u0153ufs que nous vendons et que vous consommez.\r\nNous restons \u00e0 votre \u00e9coute pour de plus amples renseignements !","link":"https:\/\/marche.seve-asso.fr\/boutique\/categorie-produit\/oeufs\/earl-des-bouillots-oeufs\/","name":"Earl des Bouillots","slug":"earl-des-bouillots-oeufs","taxonomy":"product_cat","parent":27,"meta":[],"menu_order":0,"_links":{"self":[{"href":"https:\/\/marche.seve-asso.fr\/boutique\/wp-json\/wp\/v2\/product_cat\/33","targetHints":{"allow":["GET"]}}],"collection":[{"href":"https:\/\/marche.seve-asso.fr\/boutique\/wp-json\/wp\/v2\/product_cat"}],"about":[{"href":"https:\/\/marche.seve-asso.fr\/boutique\/wp-json\/wp\/v2\/taxonomies\/product_cat"}],"up":[{"embeddable":true,"href":"https:\/\/marche.seve-asso.fr\/boutique\/wp-json\/wp\/v2\/product_cat\/27"}],"wp:post_type":[{"href":"https:\/\/marche.seve-asso.fr\/boutique\/wp-json\/wp\/v2\/product?product_cat=33"}],"curies":[{"name":"wp","href":"https:\/\/api.w.org\/{rel}","templated":true}]}}