{"id":31,"count":1,"description":"Notre objectif est de proposer une alimentation saine et accessible \u00e0 tous et de pr\u00e9server la biodiversit\u00e9. Pour cela nous respectons la saisonnalit\u00e9 des l\u00e9gumes, nos serres ne sont pas chauff\u00e9es Nous sommes peu m\u00e9caniser, les fruits et l\u00e9gumes sont cultiv\u00e9s en pleine terre, et il n'y a aucun traitement phytosanitaire, pas de surproduction, ni aucun achat revente, et la pollinisation est favoris\u00e9es par nos ruches et l'implantation de bandes fleurie. Parall\u00e8lement nous voulons participer au d\u00e9veloppement de l\u2019\u00e9conomie circulaire locale cr\u00e9atrice d\u2019emploi et de lien social, pour cela nous avons choisi de travailler uniquement en circuit court avec des AMAPs et en vente directe.","link":"https:\/\/marche.seve-asso.fr\/boutique\/categorie-produit\/legumes\/bio-ferme-de-lommoye\/","name":"Bioferme de Lommoye","slug":"bio-ferme-de-lommoye","taxonomy":"product_cat","parent":16,"meta":[],"menu_order":0,"_links":{"self":[{"href":"https:\/\/marche.seve-asso.fr\/boutique\/wp-json\/wp\/v2\/product_cat\/31","targetHints":{"allow":["GET"]}}],"collection":[{"href":"https:\/\/marche.seve-asso.fr\/boutique\/wp-json\/wp\/v2\/product_cat"}],"about":[{"href":"https:\/\/marche.seve-asso.fr\/boutique\/wp-json\/wp\/v2\/taxonomies\/product_cat"}],"up":[{"embeddable":true,"href":"https:\/\/marche.seve-asso.fr\/boutique\/wp-json\/wp\/v2\/product_cat\/16"}],"wp:post_type":[{"href":"https:\/\/marche.seve-asso.fr\/boutique\/wp-json\/wp\/v2\/product?product_cat=31"}],"curies":[{"name":"wp","href":"https:\/\/api.w.org\/{rel}","templated":true}]}}